{"id":2392,"date":"2025-05-07T10:25:11","date_gmt":"2025-05-07T14:25:11","guid":{"rendered":"https:\/\/turisvina.cl\/?p=2392"},"modified":"2025-05-07T10:25:11","modified_gmt":"2025-05-07T14:25:11","slug":"como-organizar-un-evento-o-congreso-en-la-region-de-valparaiso-guia-completa-con-logistica-y-transporte","status":"publish","type":"post","link":"https:\/\/turisvina.cl\/en\/como-organizar-un-evento-o-congreso-en-la-region-de-valparaiso-guia-completa-con-logistica-y-transporte\/","title":{"rendered":"Guide to organizing an event or conference in the Valpara\u00edso Region"},"content":{"rendered":"<p>\u201cA good event depends not only on the content, but on the comprehensive experience for all attendees: from how they arrive to how they remember it.\u201d<\/p>\n<p>&nbsp;<\/p>\n<h2 class=\"\" data-start=\"1633\" data-end=\"1679\">Why choose the Valpara\u00edso Region?<\/h2>\n<p class=\"\" data-start=\"1681\" data-end=\"1821\">Valpara\u00edso and Vi\u00f1a del Mar combine modern infrastructure with history, culture, and the sea. Here are some key reasons to host your event here:<\/p>\n<ul data-start=\"1823\" data-end=\"2198\">\n<li class=\"\" data-start=\"1823\" data-end=\"1877\">\n<p class=\"\" data-start=\"1825\" data-end=\"1877\"><strong data-start=\"1825\" data-end=\"1851\">Strategic location:<\/strong> 90 minutes from Santiago.<\/p>\n<\/li>\n<li class=\"\" data-start=\"1878\" data-end=\"1947\">\n<p class=\"\" data-start=\"1880\" data-end=\"1947\"><strong data-start=\"1880\" data-end=\"1916\">Road and rail connectivity:<\/strong> Highways and Metro Valpara\u00edso.<\/p>\n<\/li>\n<li class=\"\" data-start=\"1948\" data-end=\"1992\">\n<p class=\"\" data-start=\"1950\" data-end=\"1992\"><strong data-start=\"1950\" data-end=\"1992\">Wide range of hotels and restaurants.<\/strong><\/p>\n<\/li>\n<li class=\"\" data-start=\"1993\" data-end=\"2075\">\n<p class=\"\" data-start=\"1995\" data-end=\"2075\"><strong data-start=\"1995\" data-end=\"2014\">Unique atmosphere:<\/strong> Heritage history in Valpo, modernity and glamour in Vi\u00f1a.<\/p>\n<\/li>\n<li class=\"\" data-start=\"2076\" data-end=\"2198\">\n<p class=\"\" data-start=\"2078\" data-end=\"2198\"><strong data-start=\"2078\" data-end=\"2123\">Support from professional local operators<\/strong>, as <strong data-start=\"2130\" data-end=\"2146\">Turisvi\u00f1a.cl<\/strong>, specialists in executive and tourist transportation.<\/p>\n<\/li>\n<\/ul>\n<p>&nbsp;<\/p>\n<p><img decoding=\"async\" src=\"https:\/\/media-front.elmostrador.cl\/2021\/11\/Rafael-Sagredo-en-Espacio-Brasil-scaled-1.jpg\" alt=\"Puerto de Ideas cautiv\u00f3 al p\u00fablico en su regreso a las calles de Valpara\u00edso\" \/><\/p>\n<h2 class=\"\" data-start=\"2205\" data-end=\"2253\">Best spaces for events and conferences<\/h2>\n<p class=\"\" data-start=\"2255\" data-end=\"2338\">Here&#039;s a selection of the most recommended venues for each type of event:<\/p>\n<h3 class=\"\" data-start=\"2340\" data-end=\"2393\">\ud83d\udd39 Enjoy Vi\u00f1a del Mar Hotel Events Center<\/h3>\n<ul data-start=\"2394\" data-end=\"2505\">\n<li class=\"\" data-start=\"2394\" data-end=\"2428\">\n<p class=\"\" data-start=\"2396\" data-end=\"2428\">Capacity: up to 1,800 people.<\/p>\n<\/li>\n<li class=\"\" data-start=\"2429\" data-end=\"2505\">\n<p class=\"\" data-start=\"2431\" data-end=\"2505\">Modular spaces, cutting-edge technology, casino and hotel on-site.<\/p>\n<\/li>\n<\/ul>\n<h3 class=\"\" data-start=\"2507\" data-end=\"2550\">\ud83d\udd39 Valpara\u00edso Cultural Park (PCdV)<\/h3>\n<ul data-start=\"2551\" data-end=\"2677\">\n<li class=\"\" data-start=\"2551\" data-end=\"2622\">\n<p class=\"\" data-start=\"2553\" data-end=\"2622\">Perfect for cultural seminars, fairs or alternative conferences.<\/p>\n<\/li>\n<li class=\"\" data-start=\"2623\" data-end=\"2677\">\n<p class=\"\" data-start=\"2625\" data-end=\"2677\">Large, heritage-listed, and accessible spaces.<\/p>\n<\/li>\n<\/ul>\n<h3 class=\"\" data-start=\"2679\" data-end=\"2717\">\ud83d\udd39 Hotel Pullman San Mart\u00edn (Vi\u00f1a)<\/h3>\n<ul data-start=\"2718\" data-end=\"2794\">\n<li class=\"\" data-start=\"2718\" data-end=\"2794\">\n<p class=\"\" data-start=\"2720\" data-end=\"2794\">Excellent for medium-sized events, with ocean views and all in one place.<\/p>\n<\/li>\n<\/ul>\n<h3 class=\"\" data-start=\"2796\" data-end=\"2843\">\ud83d\udd39 Federico Santa Mar\u00eda Technical University<\/h3>\n<ul data-start=\"2844\" data-end=\"2970\">\n<li class=\"\" data-start=\"2844\" data-end=\"2892\">\n<p class=\"\" data-start=\"2846\" data-end=\"2892\">Ideal for academic or scientific conferences.<\/p>\n<\/li>\n<li class=\"\" data-start=\"2893\" data-end=\"2970\">\n<p class=\"\" data-start=\"2895\" data-end=\"2970\">Auditorium for more than 600 people, with high-end audiovisual equipment.<\/p>\n<\/li>\n<\/ul>\n<h2 data-start=\"2977\" data-end=\"3022\"><\/h2>\n<h2 data-start=\"2977\" data-end=\"3022\"><img decoding=\"async\" src=\"https:\/\/www.teletrans.cl\/wp-content\/uploads\/2019\/09\/transporte-van.jpg\" alt=\"Transporte Van Vi\u00f1a del Mar | Tours y Eventos | Teletrans\" \/><\/h2>\n<h2 class=\"\" data-start=\"2977\" data-end=\"3022\">Logistics and transportation with Turisvi\u00f1a.cl<\/h2>\n<p class=\"\" data-start=\"3024\" data-end=\"3224\">One of the most critical factors in any event is the <strong data-start=\"3083\" data-end=\"3111\">mobilization of people<\/strong>. This is where it comes in <strong data-start=\"3133\" data-end=\"3149\">Turisvi\u00f1a.cl<\/strong>, leader in executive, tourist and corporate transportation throughout the region.<\/p>\n<h3 class=\"\" data-start=\"3226\" data-end=\"3265\">What does Turisvi\u00f1a offer for events?<\/h3>\n<ul data-start=\"3267\" data-end=\"3741\">\n<li class=\"\" data-start=\"3267\" data-end=\"3358\">\n<p class=\"\" data-start=\"3269\" data-end=\"3358\"><strong data-start=\"3269\" data-end=\"3302\">Transfer of guests and staff<\/strong> from Santiago, airport, hotels and event venues.<\/p>\n<\/li>\n<li class=\"\" data-start=\"3359\" data-end=\"3444\">\n<p class=\"\" data-start=\"3361\" data-end=\"3444\"><strong data-start=\"3361\" data-end=\"3389\">Modern and diverse fleet:<\/strong> from executive sedans to 46-seat buses.<\/p>\n<\/li>\n<li class=\"\" data-start=\"3445\" data-end=\"3488\">\n<p class=\"\" data-start=\"3447\" data-end=\"3488\"><strong data-start=\"3447\" data-end=\"3488\">Certified and bilingual drivers.<\/strong><\/p>\n<\/li>\n<li class=\"\" data-start=\"3489\" data-end=\"3569\">\n<p class=\"\" data-start=\"3491\" data-end=\"3569\"><strong data-start=\"3491\" data-end=\"3526\">Total coordination in logistics<\/strong>, routes, schedules and personalized attention.<\/p>\n<\/li>\n<li class=\"\" data-start=\"3570\" data-end=\"3657\">\n<p class=\"\" data-start=\"3572\" data-end=\"3657\"><strong data-start=\"3572\" data-end=\"3594\">National coverage<\/strong>, headquartered in Vi\u00f1a del Mar and operating in more than 25 cities.<\/p>\n<\/li>\n<li class=\"\" data-start=\"3658\" data-end=\"3741\">\n<p class=\"\" data-start=\"3660\" data-end=\"3741\"><strong data-start=\"3660\" data-end=\"3686\">Safety guaranteed:<\/strong> Vehicles with insurance, GPS, air conditioning and WiFi.<\/p>\n<\/li>\n<\/ul>\n<p class=\"\" data-start=\"3743\" data-end=\"3817\">\ud83d\udccc <strong data-start=\"3746\" data-end=\"3767\">Direct contact:<\/strong> <a class=\"\" href=\"mailto:ventas@turisvina.cl\" rel=\"noopener\" data-start=\"3768\" data-end=\"3817\">ventas@turisvina.cl<\/a><\/p>\n<h2 data-start=\"3824\" data-end=\"3856\"><\/h2>\n<h2 class=\"\" data-start=\"3824\" data-end=\"3856\">Permits and legal aspects<\/h2>\n<p class=\"\" data-start=\"3858\" data-end=\"3920\">For large events, it is key to comply with local regulations:<\/p>\n<ul data-start=\"3922\" data-end=\"4196\">\n<li class=\"\" data-start=\"3922\" data-end=\"3987\">\n<p class=\"\" data-start=\"3924\" data-end=\"3987\"><strong data-start=\"3924\" data-end=\"3959\">Request for public spaces:<\/strong> In local municipalities.<\/p>\n<\/li>\n<li class=\"\" data-start=\"3988\" data-end=\"4042\">\n<p class=\"\" data-start=\"3990\" data-end=\"4042\"><strong data-start=\"3990\" data-end=\"4013\">Health permits<\/strong> if there is food consumption.<\/p>\n<\/li>\n<li class=\"\" data-start=\"4043\" data-end=\"4116\">\n<p class=\"\" data-start=\"4045\" data-end=\"4116\"><strong data-start=\"4045\" data-end=\"4076\">Security clearances<\/strong> (Carabineros, firefighters if applicable).<\/p>\n<\/li>\n<li class=\"\" data-start=\"4117\" data-end=\"4196\">\n<p class=\"\" data-start=\"4119\" data-end=\"4196\"><strong data-start=\"4119\" data-end=\"4154\">Liability insurance<\/strong> (Turisvi\u00f1a already offers it for transportation).<\/p>\n<\/li>\n<\/ul>\n<blockquote data-start=\"4198\" data-end=\"4301\">\n<p class=\"\" data-start=\"4200\" data-end=\"4301\"><strong data-start=\"4200\" data-end=\"4218\">Recommendation:<\/strong> Coordinate at least two months in advance and work with certified companies.<\/p>\n<\/blockquote>\n<h2 data-start=\"4308\" data-end=\"4358\"><\/h2>\n<h2 class=\"\" data-start=\"4308\" data-end=\"4358\">Suggested timeline for organizing your event<\/h2>\n<div class=\"_tableContainer_16hzy_1\">\n<div class=\"_tableWrapper_16hzy_14 group flex w-fit flex-col-reverse\" tabindex=\"-1\">\n<table class=\"w-fit min-w-(--thread-content-width)\" data-start=\"4360\" data-end=\"4910\">\n<thead data-start=\"4360\" data-end=\"4428\">\n<tr data-start=\"4360\" data-end=\"4428\">\n<th data-start=\"4360\" data-end=\"4380\" data-col-size=\"sm\">Previous time<\/th>\n<th data-start=\"4380\" data-end=\"4428\" data-col-size=\"md\">Key tasks<\/th>\n<\/tr>\n<\/thead>\n<tbody data-start=\"4497\" data-end=\"4910\">\n<tr data-start=\"4497\" data-end=\"4565\">\n<td data-start=\"4497\" data-end=\"4516\" data-col-size=\"sm\">3-6 months before<\/td>\n<td data-col-size=\"md\" data-start=\"4516\" data-end=\"4565\">Reserve location, quote suppliers<\/td>\n<\/tr>\n<tr data-start=\"4566\" data-end=\"4634\">\n<td data-start=\"4566\" data-end=\"4585\" data-col-size=\"sm\">2-3 months before<\/td>\n<td data-col-size=\"md\" data-start=\"4585\" data-end=\"4634\">Hire transportation (Turisvi\u00f1a), catering<\/td>\n<\/tr>\n<tr data-start=\"4635\" data-end=\"4703\">\n<td data-start=\"4635\" data-end=\"4654\" data-col-size=\"sm\">1 month before<\/td>\n<td data-col-size=\"md\" data-start=\"4654\" data-end=\"4703\">Start broadcast, confirm attendance<\/td>\n<\/tr>\n<tr data-start=\"4704\" data-end=\"4772\">\n<td data-start=\"4704\" data-end=\"4723\" data-col-size=\"sm\">2 weeks before<\/td>\n<td data-col-size=\"md\" data-start=\"4723\" data-end=\"4772\">Technical simulation, logistics checklist<\/td>\n<\/tr>\n<tr data-start=\"4773\" data-end=\"4841\">\n<td data-start=\"4773\" data-end=\"4792\" data-col-size=\"sm\">1 day before<\/td>\n<td data-start=\"4792\" data-end=\"4841\" data-col-size=\"md\">Assembly, sound tests, active transport<\/td>\n<\/tr>\n<tr data-start=\"4842\" data-end=\"4910\">\n<td data-start=\"4842\" data-end=\"4861\" data-col-size=\"sm\">Day of the event<\/td>\n<td data-start=\"4861\" data-end=\"4910\" data-col-size=\"md\">Minute-by-minute coordination<\/td>\n<\/tr>\n<\/tbody>\n<\/table>\n<div class=\"sticky end-(--thread-content-margin) h-0 self-end select-none\">\n<div class=\"absolute end-0 flex items-end\"><\/div>\n<\/div>\n<\/div>\n<\/div>\n<h2 data-start=\"4917\" data-end=\"4960\"><img decoding=\"async\" src=\"https:\/\/www.casonaelbosque.cl\/wp-content\/uploads\/2024\/11\/055.jpeg\" alt=\"\u25b7 Empresa catering a domicilio para bodas cumplea\u00f1os y eventos en Vi\u00f1a del  Mar y Valpara\u00edso - Casona El Bosque\" \/><\/h2>\n<h2 data-start=\"4917\" data-end=\"4960\"><\/h2>\n<h2 class=\"\" data-start=\"4917\" data-end=\"4960\">Other services that cannot be missed<\/h2>\n<ul data-start=\"4962\" data-end=\"5203\">\n<li class=\"\" data-start=\"5028\" data-end=\"5096\">\n<p class=\"\" data-start=\"5030\" data-end=\"5096\"><strong data-start=\"5030\" data-end=\"5051\">Technical teams:<\/strong> LED screens, professional audio, streaming.<\/p>\n<\/li>\n<li class=\"\" data-start=\"5097\" data-end=\"5162\">\n<p class=\"\" data-start=\"5099\" data-end=\"5162\"><strong data-start=\"5099\" data-end=\"5123\">Thematic decoration:<\/strong> With a sustainable or heritage focus.<\/p>\n<\/li>\n<li class=\"\" data-start=\"5163\" data-end=\"5203\">\n<p class=\"\" data-start=\"5165\" data-end=\"5203\"><strong data-start=\"5165\" data-end=\"5203\">Simultaneous translation service.<\/strong><\/p>\n<\/li>\n<\/ul>\n<p class=\"\" data-start=\"5205\" data-end=\"5304\">Turisvi\u00f1a can also recommend you <strong data-start=\"5242\" data-end=\"5268\">reliable suppliers<\/strong> with whom he works constantly.<\/p>\n<h2 class=\"\" data-start=\"5311\" data-end=\"5364\"><\/h2>\n<h2 class=\"\" data-start=\"5311\" data-end=\"5364\">Complementary activities for attendees<\/h2>\n<p class=\"\" data-start=\"5366\" data-end=\"5455\">Give your event a boost! Offer your guests activities outside the official agenda:<\/p>\n<ul data-start=\"5457\" data-end=\"5654\">\n<li class=\"\" data-start=\"5457\" data-end=\"5521\">\n<p class=\"\" data-start=\"5459\" data-end=\"5521\"><strong data-start=\"5459\" data-end=\"5487\">City tour in Valpara\u00edso:<\/strong> hills, elevators and urban art.<\/p>\n<\/li>\n<li class=\"\" data-start=\"5522\" data-end=\"5570\">\n<p class=\"\" data-start=\"5524\" data-end=\"5570\"><strong data-start=\"5524\" data-end=\"5551\">Casablanca Vineyard Tour:<\/strong> just 40 minutes away.<\/p>\n<\/li>\n<li class=\"\" data-start=\"5571\" data-end=\"5619\">\n<p class=\"\" data-start=\"5573\" data-end=\"5619\"><strong data-start=\"5573\" data-end=\"5619\">Closing dinner at Castillo del Mar (Vi\u00f1a).<\/strong><\/p>\n<\/li>\n<li class=\"\" data-start=\"5620\" data-end=\"5654\">\n<p class=\"\" data-start=\"5622\" data-end=\"5654\"><strong data-start=\"5622\" data-end=\"5654\">Boat trip around the bay.<\/strong><\/p>\n<\/li>\n<\/ul>\n<p class=\"\" data-start=\"5656\" data-end=\"5721\">Turisvi\u00f1a can coordinate these routes privately and safely.<\/p>\n<h2 class=\"\" data-start=\"5728\" data-end=\"5769\"><\/h2>\n<h2 class=\"\" data-start=\"5728\" data-end=\"5769\">Final tips for a successful event<\/h2>\n<ul data-start=\"5771\" data-end=\"6043\">\n<li class=\"\" data-start=\"5771\" data-end=\"5823\">\n<p class=\"\" data-start=\"5773\" data-end=\"5823\">Hire suppliers <strong data-start=\"5796\" data-end=\"5822\">local and certified<\/strong>.<\/p>\n<\/li>\n<li class=\"\" data-start=\"5824\" data-end=\"5882\">\n<p class=\"\" data-start=\"5826\" data-end=\"5882\">Consider <strong data-start=\"5836\" data-end=\"5859\">corporate tourism<\/strong> as part of the event.<\/p>\n<\/li>\n<li class=\"\" data-start=\"5883\" data-end=\"5950\">\n<p class=\"\" data-start=\"5885\" data-end=\"5950\">Delegate the transfer logistics to experts such as <strong data-start=\"5933\" data-end=\"5949\">Turisvi\u00f1a.cl<\/strong>.<\/p>\n<\/li>\n<li class=\"\" data-start=\"5951\" data-end=\"5995\">\n<p class=\"\" data-start=\"5953\" data-end=\"5995\">Have a plan B for rain or contingencies.<\/p>\n<\/li>\n<li class=\"\" data-start=\"5996\" data-end=\"6043\">\n<p class=\"\" data-start=\"5998\" data-end=\"6043\">Ensures connectivity and quality WiFi signal.<\/p>\n<\/li>\n<\/ul>\n<h2 class=\"\" data-start=\"6050\" data-end=\"6083\"><\/h2>\n<h2 class=\"\" data-start=\"6050\" data-end=\"6083\">Frequently Asked Questions (FAQs)<\/h2>\n<p class=\"\" data-start=\"6085\" data-end=\"6237\"><strong data-start=\"6085\" data-end=\"6151\">How far in advance should Turisvi\u00f1a be booked for an event?<\/strong><br data-start=\"6151\" data-end=\"6154\" \/>Ideally 4-8 weeks in advance, especially during peak season (summer and spring).<\/p>\n<p class=\"\" data-start=\"6239\" data-end=\"6400\"><strong data-start=\"6239\" data-end=\"6306\">Can a group be transferred from Santiago Airport?<\/strong><br data-start=\"6306\" data-end=\"6309\" \/>Yes, Turisvi\u00f1a has a fleet and national coverage for executive transfers to and from SCL.<\/p>\n<p class=\"\" data-start=\"6402\" data-end=\"6568\"><strong data-start=\"6402\" data-end=\"6450\">What types of events can Turisvi\u00f1a cover?<\/strong><br data-start=\"6450\" data-end=\"6453\" \/>From academic conferences to trade shows, weddings, corporate events, and high-end private transfers.<\/p>\n<h2 data-start=\"6575\" data-end=\"6595\"><\/h2>\n<h2 class=\"\" data-start=\"6575\" data-end=\"6595\">Useful links<\/h2>\n<ul data-start=\"6597\" data-end=\"6886\">\n<li class=\"\" data-start=\"6597\" data-end=\"6674\">\n<p class=\"\" data-start=\"6599\" data-end=\"6674\"><a class=\"\" href=\"https:\/\/www.turisvi%C3%B1a.cl\" target=\"_new\" rel=\"noopener\" data-start=\"6599\" data-end=\"6674\">Turisvi\u00f1a.cl \u2013 Executive and Tourist Transportation<\/a><\/p>\n<\/li>\n<li class=\"\" data-start=\"6675\" data-end=\"6745\">\n<p class=\"\" data-start=\"6677\" data-end=\"6745\"><a class=\"\" href=\"https:\/\/www.vinadelmar.cl\" target=\"_new\" rel=\"noopener\" data-start=\"6677\" data-end=\"6745\">Municipality of Vi\u00f1a del Mar \u2013 Events<\/a><\/p>\n<\/li>\n<li class=\"\" data-start=\"6746\" data-end=\"6825\">\n<p class=\"\" data-start=\"6748\" data-end=\"6825\"><a class=\"\" href=\"https:\/\/turismovalparaiso.cl\" target=\"_new\" rel=\"noopener\" data-start=\"6748\" data-end=\"6825\">Valpara\u00edso Regional Tourism Corporation<\/a><\/p>\n<\/li>\n<li class=\"\" data-start=\"6826\" data-end=\"6886\">\n<p class=\"\" data-start=\"6828\" data-end=\"6886\"><a class=\"\" href=\"https:\/\/parquecultural.cl\" target=\"_new\" rel=\"noopener\" data-start=\"6828\" data-end=\"6886\">Valpara\u00edso Cultural Park<\/a><\/p>\n<\/li>\n<\/ul>\n<h2 class=\"\" data-start=\"6893\" data-end=\"6910\"><\/h2>\n<p class=\"\" data-start=\"6912\" data-end=\"7162\">Organizing an event or conference in the Valpara\u00edso Region is not only feasible, it&#039;s a great idea! The combination of modern logistics, coastal beauty, and suppliers like <strong data-start=\"7084\" data-end=\"7100\">Turisvi\u00f1a.cl<\/strong> turns any encounter into an unforgettable experience.<\/p>\n<p>&nbsp;<\/p>\n<p>&nbsp;<\/p>","protected":false},"excerpt":{"rendered":"<p class=\"tx-excerpt\">\u201cUn buen evento no solo depende del contenido, sino de una experiencia integral para todos los asistentes: desde c\u00f3mo llegan hasta c\u00f3mo lo recuerdan.\u201d &nbsp; \u00bfPor qu\u00e9 elegir la Regi\u00f3n de Valpara\u00edso? Valpara\u00edso y Vi\u00f1a...<\/p>","protected":false},"author":1,"featured_media":2407,"comment_status":"open","ping_status":"open","sticky":false,"template":"","format":"standard","meta":{"footnotes":""},"categories":[44,45],"tags":[],"class_list":["post-2392","post","type-post","status-publish","format-standard","has-post-thumbnail","hentry","category-empresas","category-v-region"],"yoast_head":"<!-- This site is optimized with the Yoast SEO Premium plugin v27.1 (Yoast SEO v27.4) - https:\/\/yoast.com\/product\/yoast-seo-premium-wordpress\/ -->\n<title>Gu\u00eda para organizar un evento o congreso en la Regi\u00f3n de Valpara\u00edso - Turisvi\u00f1a<\/title>\n<meta name=\"description\" content=\"\u00bfPlaneas un evento corporativo o congreso en Valpara\u00edso o Vi\u00f1a del Mar? Descubre los mejores lugares, servicios, log\u00edstica y consejos para una organizaci\u00f3n impecable en esta gu\u00eda completa.\" \/>\n<meta name=\"robots\" content=\"index, follow, max-snippet:-1, max-image-preview:large, max-video-preview:-1\" \/>\n<link rel=\"canonical\" href=\"https:\/\/turisvina.cl\/en\/como-organizar-un-evento-o-congreso-en-la-region-de-valparaiso-guia-completa-con-logistica-y-transporte\/\" \/>\n<meta property=\"og:locale\" content=\"en_US\" \/>\n<meta property=\"og:type\" content=\"article\" \/>\n<meta property=\"og:title\" content=\"Gu\u00eda para organizar un evento o congreso en la Regi\u00f3n de Valpara\u00edso\" \/>\n<meta property=\"og:description\" content=\"\u00bfPlaneas un evento corporativo o congreso en Valpara\u00edso o Vi\u00f1a del Mar? Descubre los mejores lugares, servicios, log\u00edstica y consejos para una organizaci\u00f3n impecable en esta gu\u00eda completa.\" \/>\n<meta property=\"og:url\" content=\"https:\/\/turisvina.cl\/en\/como-organizar-un-evento-o-congreso-en-la-region-de-valparaiso-guia-completa-con-logistica-y-transporte\/\" \/>\n<meta property=\"og:site_name\" content=\"Turisvi\u00f1a\" \/>\n<meta property=\"article:published_time\" content=\"2025-05-07T14:25:11+00:00\" \/>\n<meta property=\"og:image\" content=\"https:\/\/turisvina.cl\/wp-content\/uploads\/2025\/05\/file_20250323160308.jpg\" \/>\n\t<meta property=\"og:image:width\" content=\"820\" \/>\n\t<meta property=\"og:image:height\" content=\"460\" \/>\n\t<meta property=\"og:image:type\" content=\"image\/jpeg\" \/>\n<meta name=\"author\" content=\"Francisco Fraga\" \/>\n<meta name=\"twitter:card\" content=\"summary_large_image\" \/>\n<meta name=\"twitter:label1\" content=\"Written by\" \/>\n\t<meta name=\"twitter:data1\" content=\"Francisco Fraga\" \/>\n\t<meta name=\"twitter:label2\" content=\"Est. reading time\" \/>\n\t<meta name=\"twitter:data2\" content=\"4 minutes\" \/>\n<script type=\"application\/ld+json\" class=\"yoast-schema-graph\">{\"@context\":\"https:\\\/\\\/schema.org\",\"@graph\":[{\"@type\":\"Article\",\"@id\":\"https:\\\/\\\/turisvina.cl\\\/como-organizar-un-evento-o-congreso-en-la-region-de-valparaiso-guia-completa-con-logistica-y-transporte\\\/#article\",\"isPartOf\":{\"@id\":\"https:\\\/\\\/turisvina.cl\\\/como-organizar-un-evento-o-congreso-en-la-region-de-valparaiso-guia-completa-con-logistica-y-transporte\\\/\"},\"author\":{\"name\":\"Francisco Fraga\",\"@id\":\"https:\\\/\\\/turisvina.cl\\\/#\\\/schema\\\/person\\\/9439e99bf6b09a06937f30c4ce9feea9\"},\"headline\":\"Gu\u00eda para organizar un evento o congreso en la Regi\u00f3n de Valpara\u00edso\",\"datePublished\":\"2025-05-07T14:25:11+00:00\",\"mainEntityOfPage\":{\"@id\":\"https:\\\/\\\/turisvina.cl\\\/como-organizar-un-evento-o-congreso-en-la-region-de-valparaiso-guia-completa-con-logistica-y-transporte\\\/\"},\"wordCount\":793,\"commentCount\":0,\"publisher\":{\"@id\":\"https:\\\/\\\/turisvina.cl\\\/#organization\"},\"image\":{\"@id\":\"https:\\\/\\\/turisvina.cl\\\/como-organizar-un-evento-o-congreso-en-la-region-de-valparaiso-guia-completa-con-logistica-y-transporte\\\/#primaryimage\"},\"thumbnailUrl\":\"https:\\\/\\\/turisvina.cl\\\/wp-content\\\/uploads\\\/2025\\\/05\\\/file_20250323160308.jpg\",\"articleSection\":[\"Empresas\",\"V Regi\u00f3n\"],\"inLanguage\":\"en-US\",\"potentialAction\":[{\"@type\":\"CommentAction\",\"name\":\"Comment\",\"target\":[\"https:\\\/\\\/turisvina.cl\\\/como-organizar-un-evento-o-congreso-en-la-region-de-valparaiso-guia-completa-con-logistica-y-transporte\\\/#respond\"]}]},{\"@type\":\"WebPage\",\"@id\":\"https:\\\/\\\/turisvina.cl\\\/como-organizar-un-evento-o-congreso-en-la-region-de-valparaiso-guia-completa-con-logistica-y-transporte\\\/\",\"url\":\"https:\\\/\\\/turisvina.cl\\\/como-organizar-un-evento-o-congreso-en-la-region-de-valparaiso-guia-completa-con-logistica-y-transporte\\\/\",\"name\":\"Gu\u00eda para organizar un evento o congreso en la Regi\u00f3n de Valpara\u00edso - Turisvi\u00f1a\",\"isPartOf\":{\"@id\":\"https:\\\/\\\/turisvina.cl\\\/#website\"},\"primaryImageOfPage\":{\"@id\":\"https:\\\/\\\/turisvina.cl\\\/como-organizar-un-evento-o-congreso-en-la-region-de-valparaiso-guia-completa-con-logistica-y-transporte\\\/#primaryimage\"},\"image\":{\"@id\":\"https:\\\/\\\/turisvina.cl\\\/como-organizar-un-evento-o-congreso-en-la-region-de-valparaiso-guia-completa-con-logistica-y-transporte\\\/#primaryimage\"},\"thumbnailUrl\":\"https:\\\/\\\/turisvina.cl\\\/wp-content\\\/uploads\\\/2025\\\/05\\\/file_20250323160308.jpg\",\"datePublished\":\"2025-05-07T14:25:11+00:00\",\"description\":\"\u00bfPlaneas un evento corporativo o congreso en Valpara\u00edso o Vi\u00f1a del Mar? Descubre los mejores lugares, servicios, log\u00edstica y consejos para una organizaci\u00f3n impecable en esta gu\u00eda completa.\",\"breadcrumb\":{\"@id\":\"https:\\\/\\\/turisvina.cl\\\/como-organizar-un-evento-o-congreso-en-la-region-de-valparaiso-guia-completa-con-logistica-y-transporte\\\/#breadcrumb\"},\"inLanguage\":\"en-US\",\"potentialAction\":[{\"@type\":\"ReadAction\",\"target\":[\"https:\\\/\\\/turisvina.cl\\\/como-organizar-un-evento-o-congreso-en-la-region-de-valparaiso-guia-completa-con-logistica-y-transporte\\\/\"]}]},{\"@type\":\"ImageObject\",\"inLanguage\":\"en-US\",\"@id\":\"https:\\\/\\\/turisvina.cl\\\/como-organizar-un-evento-o-congreso-en-la-region-de-valparaiso-guia-completa-con-logistica-y-transporte\\\/#primaryimage\",\"url\":\"https:\\\/\\\/turisvina.cl\\\/wp-content\\\/uploads\\\/2025\\\/05\\\/file_20250323160308.jpg\",\"contentUrl\":\"https:\\\/\\\/turisvina.cl\\\/wp-content\\\/uploads\\\/2025\\\/05\\\/file_20250323160308.jpg\",\"width\":820,\"height\":460},{\"@type\":\"BreadcrumbList\",\"@id\":\"https:\\\/\\\/turisvina.cl\\\/como-organizar-un-evento-o-congreso-en-la-region-de-valparaiso-guia-completa-con-logistica-y-transporte\\\/#breadcrumb\",\"itemListElement\":[{\"@type\":\"ListItem\",\"position\":1,\"name\":\"Portada\",\"item\":\"https:\\\/\\\/turisvina.cl\\\/\"},{\"@type\":\"ListItem\",\"position\":2,\"name\":\"Gu\u00eda para organizar un evento o congreso en la Regi\u00f3n de Valpara\u00edso\"}]},{\"@type\":\"WebSite\",\"@id\":\"https:\\\/\\\/turisvina.cl\\\/#website\",\"url\":\"https:\\\/\\\/turisvina.cl\\\/\",\"name\":\"Turisvi\u00f1a\",\"description\":\"\",\"publisher\":{\"@id\":\"https:\\\/\\\/turisvina.cl\\\/#organization\"},\"potentialAction\":[{\"@type\":\"SearchAction\",\"target\":{\"@type\":\"EntryPoint\",\"urlTemplate\":\"https:\\\/\\\/turisvina.cl\\\/?s={search_term_string}\"},\"query-input\":{\"@type\":\"PropertyValueSpecification\",\"valueRequired\":true,\"valueName\":\"search_term_string\"}}],\"inLanguage\":\"en-US\"},{\"@type\":\"Organization\",\"@id\":\"https:\\\/\\\/turisvina.cl\\\/#organization\",\"name\":\"Turisvi\u00f1a\",\"url\":\"https:\\\/\\\/turisvina.cl\\\/\",\"logo\":{\"@type\":\"ImageObject\",\"inLanguage\":\"en-US\",\"@id\":\"https:\\\/\\\/turisvina.cl\\\/#\\\/schema\\\/logo\\\/image\\\/\",\"url\":\"https:\\\/\\\/turisvina.cl\\\/wp-content\\\/uploads\\\/2024\\\/03\\\/turisvinalogo.png\",\"contentUrl\":\"https:\\\/\\\/turisvina.cl\\\/wp-content\\\/uploads\\\/2024\\\/03\\\/turisvinalogo.png\",\"width\":766,\"height\":315,\"caption\":\"Turisvi\u00f1a\"},\"image\":{\"@id\":\"https:\\\/\\\/turisvina.cl\\\/#\\\/schema\\\/logo\\\/image\\\/\"}},{\"@type\":\"Person\",\"@id\":\"https:\\\/\\\/turisvina.cl\\\/#\\\/schema\\\/person\\\/9439e99bf6b09a06937f30c4ce9feea9\",\"name\":\"Francisco Fraga\",\"image\":{\"@type\":\"ImageObject\",\"inLanguage\":\"en-US\",\"@id\":\"https:\\\/\\\/secure.gravatar.com\\\/avatar\\\/587e8480f4c6023d8b8eaf486e027d30333c467f7ae2486ae355982bcb512367?s=96&d=mm&r=g\",\"url\":\"https:\\\/\\\/secure.gravatar.com\\\/avatar\\\/587e8480f4c6023d8b8eaf486e027d30333c467f7ae2486ae355982bcb512367?s=96&d=mm&r=g\",\"contentUrl\":\"https:\\\/\\\/secure.gravatar.com\\\/avatar\\\/587e8480f4c6023d8b8eaf486e027d30333c467f7ae2486ae355982bcb512367?s=96&d=mm&r=g\",\"caption\":\"Francisco Fraga\"},\"sameAs\":[\"https:\\\/\\\/turisvina.cl\"],\"url\":\"https:\\\/\\\/turisvina.cl\\\/en\\\/author\\\/agenciaalas-clgmail-com\\\/\"}]}<\/script>\n<!-- \/ Yoast SEO Premium plugin. -->","yoast_head_json":{"title":"Gu\u00eda para organizar un evento o congreso en la Regi\u00f3n de Valpara\u00edso - Turisvi\u00f1a","description":"\u00bfPlaneas un evento corporativo o congreso en Valpara\u00edso o Vi\u00f1a del Mar? Descubre los mejores lugares, servicios, log\u00edstica y consejos para una organizaci\u00f3n impecable en esta gu\u00eda completa.","robots":{"index":"index","follow":"follow","max-snippet":"max-snippet:-1","max-image-preview":"max-image-preview:large","max-video-preview":"max-video-preview:-1"},"canonical":"https:\/\/turisvina.cl\/en\/como-organizar-un-evento-o-congreso-en-la-region-de-valparaiso-guia-completa-con-logistica-y-transporte\/","og_locale":"en_US","og_type":"article","og_title":"Gu\u00eda para organizar un evento o congreso en la Regi\u00f3n de Valpara\u00edso","og_description":"\u00bfPlaneas un evento corporativo o congreso en Valpara\u00edso o Vi\u00f1a del Mar? Descubre los mejores lugares, servicios, log\u00edstica y consejos para una organizaci\u00f3n impecable en esta gu\u00eda completa.","og_url":"https:\/\/turisvina.cl\/en\/como-organizar-un-evento-o-congreso-en-la-region-de-valparaiso-guia-completa-con-logistica-y-transporte\/","og_site_name":"Turisvi\u00f1a","article_published_time":"2025-05-07T14:25:11+00:00","og_image":[{"width":820,"height":460,"url":"https:\/\/turisvina.cl\/wp-content\/uploads\/2025\/05\/file_20250323160308.jpg","type":"image\/jpeg"}],"author":"Francisco Fraga","twitter_card":"summary_large_image","twitter_misc":{"Written by":"Francisco Fraga","Est. reading time":"4 minutes"},"schema":{"@context":"https:\/\/schema.org","@graph":[{"@type":"Article","@id":"https:\/\/turisvina.cl\/como-organizar-un-evento-o-congreso-en-la-region-de-valparaiso-guia-completa-con-logistica-y-transporte\/#article","isPartOf":{"@id":"https:\/\/turisvina.cl\/como-organizar-un-evento-o-congreso-en-la-region-de-valparaiso-guia-completa-con-logistica-y-transporte\/"},"author":{"name":"Francisco Fraga","@id":"https:\/\/turisvina.cl\/#\/schema\/person\/9439e99bf6b09a06937f30c4ce9feea9"},"headline":"Gu\u00eda para organizar un evento o congreso en la Regi\u00f3n de Valpara\u00edso","datePublished":"2025-05-07T14:25:11+00:00","mainEntityOfPage":{"@id":"https:\/\/turisvina.cl\/como-organizar-un-evento-o-congreso-en-la-region-de-valparaiso-guia-completa-con-logistica-y-transporte\/"},"wordCount":793,"commentCount":0,"publisher":{"@id":"https:\/\/turisvina.cl\/#organization"},"image":{"@id":"https:\/\/turisvina.cl\/como-organizar-un-evento-o-congreso-en-la-region-de-valparaiso-guia-completa-con-logistica-y-transporte\/#primaryimage"},"thumbnailUrl":"https:\/\/turisvina.cl\/wp-content\/uploads\/2025\/05\/file_20250323160308.jpg","articleSection":["Empresas","V Regi\u00f3n"],"inLanguage":"en-US","potentialAction":[{"@type":"CommentAction","name":"Comment","target":["https:\/\/turisvina.cl\/como-organizar-un-evento-o-congreso-en-la-region-de-valparaiso-guia-completa-con-logistica-y-transporte\/#respond"]}]},{"@type":"WebPage","@id":"https:\/\/turisvina.cl\/como-organizar-un-evento-o-congreso-en-la-region-de-valparaiso-guia-completa-con-logistica-y-transporte\/","url":"https:\/\/turisvina.cl\/como-organizar-un-evento-o-congreso-en-la-region-de-valparaiso-guia-completa-con-logistica-y-transporte\/","name":"Gu\u00eda para organizar un evento o congreso en la Regi\u00f3n de Valpara\u00edso - Turisvi\u00f1a","isPartOf":{"@id":"https:\/\/turisvina.cl\/#website"},"primaryImageOfPage":{"@id":"https:\/\/turisvina.cl\/como-organizar-un-evento-o-congreso-en-la-region-de-valparaiso-guia-completa-con-logistica-y-transporte\/#primaryimage"},"image":{"@id":"https:\/\/turisvina.cl\/como-organizar-un-evento-o-congreso-en-la-region-de-valparaiso-guia-completa-con-logistica-y-transporte\/#primaryimage"},"thumbnailUrl":"https:\/\/turisvina.cl\/wp-content\/uploads\/2025\/05\/file_20250323160308.jpg","datePublished":"2025-05-07T14:25:11+00:00","description":"\u00bfPlaneas un evento corporativo o congreso en Valpara\u00edso o Vi\u00f1a del Mar? Descubre los mejores lugares, servicios, log\u00edstica y consejos para una organizaci\u00f3n impecable en esta gu\u00eda completa.","breadcrumb":{"@id":"https:\/\/turisvina.cl\/como-organizar-un-evento-o-congreso-en-la-region-de-valparaiso-guia-completa-con-logistica-y-transporte\/#breadcrumb"},"inLanguage":"en-US","potentialAction":[{"@type":"ReadAction","target":["https:\/\/turisvina.cl\/como-organizar-un-evento-o-congreso-en-la-region-de-valparaiso-guia-completa-con-logistica-y-transporte\/"]}]},{"@type":"ImageObject","inLanguage":"en-US","@id":"https:\/\/turisvina.cl\/como-organizar-un-evento-o-congreso-en-la-region-de-valparaiso-guia-completa-con-logistica-y-transporte\/#primaryimage","url":"https:\/\/turisvina.cl\/wp-content\/uploads\/2025\/05\/file_20250323160308.jpg","contentUrl":"https:\/\/turisvina.cl\/wp-content\/uploads\/2025\/05\/file_20250323160308.jpg","width":820,"height":460},{"@type":"BreadcrumbList","@id":"https:\/\/turisvina.cl\/como-organizar-un-evento-o-congreso-en-la-region-de-valparaiso-guia-completa-con-logistica-y-transporte\/#breadcrumb","itemListElement":[{"@type":"ListItem","position":1,"name":"Portada","item":"https:\/\/turisvina.cl\/"},{"@type":"ListItem","position":2,"name":"Gu\u00eda para organizar un evento o congreso en la Regi\u00f3n de Valpara\u00edso"}]},{"@type":"WebSite","@id":"https:\/\/turisvina.cl\/#website","url":"https:\/\/turisvina.cl\/","name":"Turisvi\u00f1a","description":"","publisher":{"@id":"https:\/\/turisvina.cl\/#organization"},"potentialAction":[{"@type":"SearchAction","target":{"@type":"EntryPoint","urlTemplate":"https:\/\/turisvina.cl\/?s={search_term_string}"},"query-input":{"@type":"PropertyValueSpecification","valueRequired":true,"valueName":"search_term_string"}}],"inLanguage":"en-US"},{"@type":"Organization","@id":"https:\/\/turisvina.cl\/#organization","name":"Turisvi\u00f1a","url":"https:\/\/turisvina.cl\/","logo":{"@type":"ImageObject","inLanguage":"en-US","@id":"https:\/\/turisvina.cl\/#\/schema\/logo\/image\/","url":"https:\/\/turisvina.cl\/wp-content\/uploads\/2024\/03\/turisvinalogo.png","contentUrl":"https:\/\/turisvina.cl\/wp-content\/uploads\/2024\/03\/turisvinalogo.png","width":766,"height":315,"caption":"Turisvi\u00f1a"},"image":{"@id":"https:\/\/turisvina.cl\/#\/schema\/logo\/image\/"}},{"@type":"Person","@id":"https:\/\/turisvina.cl\/#\/schema\/person\/9439e99bf6b09a06937f30c4ce9feea9","name":"Francisco Fraga","image":{"@type":"ImageObject","inLanguage":"en-US","@id":"https:\/\/secure.gravatar.com\/avatar\/587e8480f4c6023d8b8eaf486e027d30333c467f7ae2486ae355982bcb512367?s=96&d=mm&r=g","url":"https:\/\/secure.gravatar.com\/avatar\/587e8480f4c6023d8b8eaf486e027d30333c467f7ae2486ae355982bcb512367?s=96&d=mm&r=g","contentUrl":"https:\/\/secure.gravatar.com\/avatar\/587e8480f4c6023d8b8eaf486e027d30333c467f7ae2486ae355982bcb512367?s=96&d=mm&r=g","caption":"Francisco Fraga"},"sameAs":["https:\/\/turisvina.cl"],"url":"https:\/\/turisvina.cl\/en\/author\/agenciaalas-clgmail-com\/"}]}},"_links":{"self":[{"href":"https:\/\/turisvina.cl\/en\/wp-json\/wp\/v2\/posts\/2392","targetHints":{"allow":["GET"]}}],"collection":[{"href":"https:\/\/turisvina.cl\/en\/wp-json\/wp\/v2\/posts"}],"about":[{"href":"https:\/\/turisvina.cl\/en\/wp-json\/wp\/v2\/types\/post"}],"author":[{"embeddable":true,"href":"https:\/\/turisvina.cl\/en\/wp-json\/wp\/v2\/users\/1"}],"replies":[{"embeddable":true,"href":"https:\/\/turisvina.cl\/en\/wp-json\/wp\/v2\/comments?post=2392"}],"version-history":[{"count":1,"href":"https:\/\/turisvina.cl\/en\/wp-json\/wp\/v2\/posts\/2392\/revisions"}],"predecessor-version":[{"id":2408,"href":"https:\/\/turisvina.cl\/en\/wp-json\/wp\/v2\/posts\/2392\/revisions\/2408"}],"wp:featuredmedia":[{"embeddable":true,"href":"https:\/\/turisvina.cl\/en\/wp-json\/wp\/v2\/media\/2407"}],"wp:attachment":[{"href":"https:\/\/turisvina.cl\/en\/wp-json\/wp\/v2\/media?parent=2392"}],"wp:term":[{"taxonomy":"category","embeddable":true,"href":"https:\/\/turisvina.cl\/en\/wp-json\/wp\/v2\/categories?post=2392"},{"taxonomy":"post_tag","embeddable":true,"href":"https:\/\/turisvina.cl\/en\/wp-json\/wp\/v2\/tags?post=2392"}],"curies":[{"name":"wp","href":"https:\/\/api.w.org\/{rel}","templated":true}]}}