{"id":4297,"date":"2026-01-16T13:32:27","date_gmt":"2026-01-16T16:32:27","guid":{"rendered":"https:\/\/turisvina.cl\/?p=4297"},"modified":"2026-01-16T13:34:06","modified_gmt":"2026-01-16T16:34:06","slug":"oceano-pasacalle-llega-a-valparaiso-una-experiencia-artistica-nocturna-junto-al-mar","status":"publish","type":"post","link":"https:\/\/turisvina.cl\/en\/oceano-pasacalle-llega-a-valparaiso-una-experiencia-artistica-nocturna-junto-al-mar\/","title":{"rendered":"Oc\u00e9ano Pasacalle llega a Valpara\u00edso: una experiencia art\u00edstica nocturna junto al mar"},"content":{"rendered":"<p data-start=\"785\" data-end=\"1113\">Valpara\u00edso vuelve a convertirse en escenario a cielo abierto este verano. El <strong data-start=\"862\" data-end=\"902\">martes 20 de enero a las 21:30 horas<\/strong>, llega a la ciudad <strong data-start=\"922\" data-end=\"942\">Oc\u00e9ano Pasacalle<\/strong>, una propuesta art\u00edstica presentada por el <strong data-start=\"986\" data-end=\"1030\">Festival Internacional Teatro a Mil 2026<\/strong>, que invita a vivir el espacio urbano desde una experiencia sensorial y colectiva.<\/p>\n<p data-start=\"1115\" data-end=\"1333\">Este tipo de intervenciones forman parte de la identidad cultural del verano en la Regi\u00f3n de Valpara\u00edso, donde el arte se integra al paisaje, al movimiento de la ciudad y a la vida cotidiana de residentes y visitantes.<\/p>\n<p data-start=\"1115\" data-end=\"1333\"><img fetchpriority=\"high\" decoding=\"async\" class=\"alignnone wp-image-4298 size-full\" src=\"https:\/\/turisvina.cl\/wp-content\/uploads\/2026\/01\/ballena-en-la-calle.jpg\" alt=\"ballena en la calle\" width=\"1200\" height=\"630\" srcset=\"https:\/\/turisvina.cl\/wp-content\/uploads\/2026\/01\/ballena-en-la-calle.jpg 1200w, https:\/\/turisvina.cl\/wp-content\/uploads\/2026\/01\/ballena-en-la-calle-300x158.jpg 300w, https:\/\/turisvina.cl\/wp-content\/uploads\/2026\/01\/ballena-en-la-calle-1024x538.jpg 1024w, https:\/\/turisvina.cl\/wp-content\/uploads\/2026\/01\/ballena-en-la-calle-768x403.jpg 768w, https:\/\/turisvina.cl\/wp-content\/uploads\/2026\/01\/ballena-en-la-calle-18x9.jpg 18w, https:\/\/turisvina.cl\/wp-content\/uploads\/2026\/01\/ballena-en-la-calle-360x189.jpg 360w, https:\/\/turisvina.cl\/wp-content\/uploads\/2026\/01\/ballena-en-la-calle-373x196.jpg 373w, https:\/\/turisvina.cl\/wp-content\/uploads\/2026\/01\/ballena-en-la-calle-620x326.jpg 620w, https:\/\/turisvina.cl\/wp-content\/uploads\/2026\/01\/ballena-en-la-calle-460x242.jpg 460w, https:\/\/turisvina.cl\/wp-content\/uploads\/2026\/01\/ballena-en-la-calle-365x192.jpg 365w, https:\/\/turisvina.cl\/wp-content\/uploads\/2026\/01\/ballena-en-la-calle-24x13.jpg 24w, https:\/\/turisvina.cl\/wp-content\/uploads\/2026\/01\/ballena-en-la-calle-36x19.jpg 36w, https:\/\/turisvina.cl\/wp-content\/uploads\/2026\/01\/ballena-en-la-calle-48x25.jpg 48w\" sizes=\"(max-width: 1200px) 100vw, 1200px\" \/><\/p>\n<h3 data-start=\"1335\" data-end=\"1395\">Una intervenci\u00f3n art\u00edstica que dialoga con el territorio<\/h3>\n<p data-start=\"1397\" data-end=\"1743\">Oc\u00e9ano Pasacalle es una propuesta itinerante que combina teatro, m\u00fasica, movimiento y elementos visuales, inspirada en el mar y su relaci\u00f3n hist\u00f3rica con Valpara\u00edso. A trav\u00e9s de un recorrido urbano, la obra transforma calles y espacios p\u00fablicos en un escenario vivo, accesible y gratuito, donde el p\u00fablico se convierte en parte de la experiencia.<\/p>\n<p data-start=\"1745\" data-end=\"1919\">M\u00e1s que un espect\u00e1culo tradicional, se trata de una invitaci\u00f3n a observar la ciudad desde otra perspectiva, conectando arte, comunidad y territorio en un solo gesto creativo.<br \/>\n<img decoding=\"async\" class=\"alignnone wp-image-4299 size-full\" src=\"https:\/\/turisvina.cl\/wp-content\/uploads\/2026\/01\/oceano-en-las-calles.jpg\" alt=\"animales marinos\" width=\"1200\" height=\"800\" srcset=\"https:\/\/turisvina.cl\/wp-content\/uploads\/2026\/01\/oceano-en-las-calles.jpg 1200w, https:\/\/turisvina.cl\/wp-content\/uploads\/2026\/01\/oceano-en-las-calles-300x200.jpg 300w, https:\/\/turisvina.cl\/wp-content\/uploads\/2026\/01\/oceano-en-las-calles-1024x683.jpg 1024w, https:\/\/turisvina.cl\/wp-content\/uploads\/2026\/01\/oceano-en-las-calles-768x512.jpg 768w, https:\/\/turisvina.cl\/wp-content\/uploads\/2026\/01\/oceano-en-las-calles-18x12.jpg 18w, https:\/\/turisvina.cl\/wp-content\/uploads\/2026\/01\/oceano-en-las-calles-150x100.jpg 150w, https:\/\/turisvina.cl\/wp-content\/uploads\/2026\/01\/oceano-en-las-calles-360x240.jpg 360w, https:\/\/turisvina.cl\/wp-content\/uploads\/2026\/01\/oceano-en-las-calles-373x249.jpg 373w, https:\/\/turisvina.cl\/wp-content\/uploads\/2026\/01\/oceano-en-las-calles-620x413.jpg 620w, https:\/\/turisvina.cl\/wp-content\/uploads\/2026\/01\/oceano-en-las-calles-460x307.jpg 460w, https:\/\/turisvina.cl\/wp-content\/uploads\/2026\/01\/oceano-en-las-calles-365x243.jpg 365w, https:\/\/turisvina.cl\/wp-content\/uploads\/2026\/01\/oceano-en-las-calles-24x16.jpg 24w, https:\/\/turisvina.cl\/wp-content\/uploads\/2026\/01\/oceano-en-las-calles-36x24.jpg 36w, https:\/\/turisvina.cl\/wp-content\/uploads\/2026\/01\/oceano-en-las-calles-48x32.jpg 48w\" sizes=\"(max-width: 1200px) 100vw, 1200px\" \/><\/p>\n<h3 data-start=\"1921\" data-end=\"1972\">Teatro a Mil y el verano cultural en Valpara\u00edso<\/h3>\n<p data-start=\"1974\" data-end=\"2319\">He <strong data-start=\"1977\" data-end=\"2016\">Festival Internacional Teatro a Mil<\/strong> se ha consolidado como uno de los encuentros culturales m\u00e1s importantes del pa\u00eds, llevando artes esc\u00e9nicas de alto nivel a distintos espacios p\u00fablicos de Chile. Su presencia en Valpara\u00edso refuerza el car\u00e1cter cultural de la ciudad y ampl\u00eda la oferta de panoramas nocturnos durante la temporada estival.<\/p>\n<p data-start=\"2321\" data-end=\"2500\">Este tipo de actividades permiten disfrutar de la ciudad m\u00e1s all\u00e1 de los circuitos tur\u00edsticos tradicionales, integrando cultura, patrimonio y vida urbana en una misma experiencia.<\/p>\n<p data-start=\"2321\" data-end=\"2500\"><img decoding=\"async\" class=\"alignnone wp-image-4301 size-full\" src=\"https:\/\/turisvina.cl\/wp-content\/uploads\/2026\/01\/ballena-con-mas-animales-marinos-horizontal.jpeg\" alt=\"ballena horizontal frente \" width=\"790\" height=\"550\" srcset=\"https:\/\/turisvina.cl\/wp-content\/uploads\/2026\/01\/ballena-con-mas-animales-marinos-horizontal.jpeg 790w, https:\/\/turisvina.cl\/wp-content\/uploads\/2026\/01\/ballena-con-mas-animales-marinos-horizontal-300x209.jpeg 300w, https:\/\/turisvina.cl\/wp-content\/uploads\/2026\/01\/ballena-con-mas-animales-marinos-horizontal-768x535.jpeg 768w, https:\/\/turisvina.cl\/wp-content\/uploads\/2026\/01\/ballena-con-mas-animales-marinos-horizontal-18x12.jpeg 18w, https:\/\/turisvina.cl\/wp-content\/uploads\/2026\/01\/ballena-con-mas-animales-marinos-horizontal-616x430.jpeg 616w, https:\/\/turisvina.cl\/wp-content\/uploads\/2026\/01\/ballena-con-mas-animales-marinos-horizontal-270x188.jpeg 270w, https:\/\/turisvina.cl\/wp-content\/uploads\/2026\/01\/ballena-con-mas-animales-marinos-horizontal-360x251.jpeg 360w, https:\/\/turisvina.cl\/wp-content\/uploads\/2026\/01\/ballena-con-mas-animales-marinos-horizontal-373x260.jpeg 373w, https:\/\/turisvina.cl\/wp-content\/uploads\/2026\/01\/ballena-con-mas-animales-marinos-horizontal-620x432.jpeg 620w, https:\/\/turisvina.cl\/wp-content\/uploads\/2026\/01\/ballena-con-mas-animales-marinos-horizontal-460x320.jpeg 460w, https:\/\/turisvina.cl\/wp-content\/uploads\/2026\/01\/ballena-con-mas-animales-marinos-horizontal-365x254.jpeg 365w, https:\/\/turisvina.cl\/wp-content\/uploads\/2026\/01\/ballena-con-mas-animales-marinos-horizontal-24x17.jpeg 24w, https:\/\/turisvina.cl\/wp-content\/uploads\/2026\/01\/ballena-con-mas-animales-marinos-horizontal-36x25.jpeg 36w, https:\/\/turisvina.cl\/wp-content\/uploads\/2026\/01\/ballena-con-mas-animales-marinos-horizontal-48x33.jpeg 48w\" sizes=\"(max-width: 790px) 100vw, 790px\" \/><\/p>\n<h3 data-start=\"2502\" data-end=\"2554\">Planificar el traslado para disfrutar sin apuros<\/h3>\n<p data-start=\"2556\" data-end=\"2820\">Durante el verano, Valpara\u00edso y Vi\u00f1a del Mar experimentan un aumento importante de flujo vehicular, especialmente en horarios nocturnos asociados a eventos culturales. Considerar con anticipaci\u00f3n c\u00f3mo llegar y regresar puede marcar la diferencia en la experiencia.<\/p>\n<p data-start=\"2822\" data-end=\"3034\">Contar con <strong data-start=\"2833\" data-end=\"2873\">traslado tur\u00edstico o conductor local<\/strong> permite evitar problemas de estacionamiento, congesti\u00f3n y desorientaci\u00f3n, especialmente para quienes no conocen bien la ciudad o visitan la zona por pocos d\u00edas.<\/p>\n<p data-start=\"2822\" data-end=\"3034\"><img loading=\"lazy\" decoding=\"async\" class=\"alignnone wp-image-4306 size-full\" src=\"https:\/\/turisvina.cl\/wp-content\/uploads\/2026\/01\/nina-toca-pez.jpeg\" alt=\"ni\u00f1a toca delfin \" width=\"768\" height=\"519\" srcset=\"https:\/\/turisvina.cl\/wp-content\/uploads\/2026\/01\/nina-toca-pez.jpeg 768w, https:\/\/turisvina.cl\/wp-content\/uploads\/2026\/01\/nina-toca-pez-300x203.jpeg 300w, https:\/\/turisvina.cl\/wp-content\/uploads\/2026\/01\/nina-toca-pez-18x12.jpeg 18w, https:\/\/turisvina.cl\/wp-content\/uploads\/2026\/01\/nina-toca-pez-150x100.jpeg 150w, https:\/\/turisvina.cl\/wp-content\/uploads\/2026\/01\/nina-toca-pez-360x243.jpeg 360w, https:\/\/turisvina.cl\/wp-content\/uploads\/2026\/01\/nina-toca-pez-373x252.jpeg 373w, https:\/\/turisvina.cl\/wp-content\/uploads\/2026\/01\/nina-toca-pez-620x419.jpeg 620w, https:\/\/turisvina.cl\/wp-content\/uploads\/2026\/01\/nina-toca-pez-460x311.jpeg 460w, https:\/\/turisvina.cl\/wp-content\/uploads\/2026\/01\/nina-toca-pez-365x247.jpeg 365w, https:\/\/turisvina.cl\/wp-content\/uploads\/2026\/01\/nina-toca-pez-24x16.jpeg 24w, https:\/\/turisvina.cl\/wp-content\/uploads\/2026\/01\/nina-toca-pez-36x24.jpeg 36w, https:\/\/turisvina.cl\/wp-content\/uploads\/2026\/01\/nina-toca-pez-48x32.jpeg 48w\" sizes=\"(max-width: 768px) 100vw, 768px\" \/><\/p>\n<h3 data-start=\"3036\" data-end=\"3075\">Cultura, ciudad y experiencia local<\/h3>\n<p data-start=\"3077\" data-end=\"3369\">Eventos como Oc\u00e9ano Pasacalle reflejan una forma distinta de recorrer Valpara\u00edso: m\u00e1s cercana, cultural y conectada con su identidad. Son instancias ideales para complementar una visita a la ciudad, sumando arte y memoria urbana al recorrido por cerros, borde costero y barrios patrimoniales.<\/p>\n<p data-start=\"3371\" data-end=\"3595\">Si est\u00e1s planificando tu visita a Valpara\u00edso o Vi\u00f1a del Mar este <strong data-start=\"3436\" data-end=\"3451\">verano 2026<\/strong>, en <a href=\"https:\/\/turisvina.cl\/en\/\"><strong data-start=\"3456\" data-end=\"3469\">TurisVi\u00f1a<\/strong><\/a> puedes coordinar traslados, transporte tur\u00edstico o recorridos personalizados desde el aeropuerto y distintos puntos de Chile.<\/p>\n<p data-start=\"3597\" data-end=\"3842\">Nos encargamos de la log\u00edstica para que t\u00fa solo te concentres en disfrutar la experiencia.<br \/>\n<br data-start=\"3687\" data-end=\"3690\" \/>\ud83d\udce9 Escr\u00edbenos a <strong data-start=\"3706\" data-end=\"3729\"><a class=\"decorated-link cursor-pointer\" href=\"mailto:ventas@turisvina.cl\" rel=\"noopener\" data-start=\"3708\" data-end=\"3727\">ventas@turisvina.cl<\/a><\/strong> o cont\u00e1ctanos v\u00eda <strong data-start=\"3748\" data-end=\"3779\">WhatsApp al <a href=\"http:\/\/wa.me\/+56323467715\">+56323467715<\/a><\/strong> y planifica tu viaje con apoyo local y experiencia en la zona.<\/p>","protected":false},"excerpt":{"rendered":"<p class=\"tx-excerpt\">Valpara\u00edso vuelve a convertirse en escenario a cielo abierto este verano. El martes 20 de enero a las 21:30 horas, llega a la ciudad Oc\u00e9ano Pasacalle, una propuesta art\u00edstica presentada por el Festival Internacional Teatro...<\/p>","protected":false},"author":3,"featured_media":4298,"comment_status":"open","ping_status":"open","sticky":false,"template":"","format":"standard","meta":{"footnotes":""},"categories":[54,41],"tags":[57,58,56,55,59],"class_list":["post-4297","post","type-post","status-publish","format-standard","has-post-thumbnail","hentry","category-cultura-y-panoramas","category-turismo","tag-oceano-pasacalle","tag-panoramas-culturales","tag-teatro-a-mil","tag-valparaiso","tag-verano-2026"],"yoast_head":"<!-- This site is optimized with the Yoast SEO Premium plugin v27.1 (Yoast SEO v27.4) - https:\/\/yoast.com\/product\/yoast-seo-premium-wordpress\/ -->\n<title>Oc\u00e9ano Pasacalle en Valpara\u00edso | Teatro a Mil 2026 \u2013 TurisVi\u00f1a<\/title>\n<meta name=\"description\" content=\"El martes 20 de enero a las 21:30 hrs, Valpara\u00edso recibe Oc\u00e9ano Pasacalle, una propuesta art\u00edstica del Festival Internacional Teatro a Mil 2026. Te contamos de qu\u00e9 se trata y por qu\u00e9 no perd\u00e9rtela.\" \/>\n<meta name=\"robots\" content=\"index, follow, max-snippet:-1, max-image-preview:large, max-video-preview:-1\" \/>\n<link rel=\"canonical\" href=\"https:\/\/turisvina.cl\/en\/oceano-pasacalle-llega-a-valparaiso-una-experiencia-artistica-nocturna-junto-al-mar\/\" \/>\n<meta property=\"og:locale\" content=\"en_US\" \/>\n<meta property=\"og:type\" content=\"article\" \/>\n<meta property=\"og:title\" content=\"Oc\u00e9ano Pasacalle en Valpara\u00edso | Teatro a Mil 2026 \u2013 TurisVi\u00f1a\" \/>\n<meta property=\"og:description\" content=\"El martes 20 de enero a las 21:30 hrs, Valpara\u00edso recibe Oc\u00e9ano Pasacalle, una propuesta art\u00edstica del Festival Internacional Teatro a Mil 2026. Te contamos de qu\u00e9 se trata y por qu\u00e9 no perd\u00e9rtela.\" \/>\n<meta property=\"og:url\" content=\"https:\/\/turisvina.cl\/en\/oceano-pasacalle-llega-a-valparaiso-una-experiencia-artistica-nocturna-junto-al-mar\/\" \/>\n<meta property=\"og:site_name\" content=\"Turisvi\u00f1a\" \/>\n<meta property=\"article:published_time\" content=\"2026-01-16T16:32:27+00:00\" \/>\n<meta property=\"article:modified_time\" content=\"2026-01-16T16:34:06+00:00\" \/>\n<meta property=\"og:image\" content=\"https:\/\/turisvina.cl\/wp-content\/uploads\/2026\/01\/OCEANO-3-ballena-calle.webp\" \/>\n\t<meta property=\"og:image:width\" content=\"1600\" \/>\n\t<meta property=\"og:image:height\" content=\"898\" \/>\n\t<meta property=\"og:image:type\" content=\"image\/webp\" \/>\n<meta name=\"author\" content=\"Lourdes\" \/>\n<meta name=\"twitter:card\" content=\"summary_large_image\" \/>\n<meta name=\"twitter:title\" content=\"Oc\u00e9ano Pasacalle llega a Valpara\u00edso: una experiencia art\u00edstica nocturna junto al mar\" \/>\n<meta name=\"twitter:label1\" content=\"Written by\" \/>\n\t<meta name=\"twitter:data1\" content=\"Lourdes\" \/>\n\t<meta name=\"twitter:label2\" content=\"Est. reading time\" \/>\n\t<meta name=\"twitter:data2\" content=\"4 minutes\" \/>\n<script type=\"application\/ld+json\" class=\"yoast-schema-graph\">{\"@context\":\"https:\\\/\\\/schema.org\",\"@graph\":[{\"@type\":\"Article\",\"@id\":\"https:\\\/\\\/turisvina.cl\\\/oceano-pasacalle-llega-a-valparaiso-una-experiencia-artistica-nocturna-junto-al-mar\\\/#article\",\"isPartOf\":{\"@id\":\"https:\\\/\\\/turisvina.cl\\\/oceano-pasacalle-llega-a-valparaiso-una-experiencia-artistica-nocturna-junto-al-mar\\\/\"},\"author\":{\"name\":\"Lourdes\",\"@id\":\"https:\\\/\\\/turisvina.cl\\\/#\\\/schema\\\/person\\\/a5aff6fc256e18aad90d118b574a92d9\"},\"headline\":\"Oc\u00e9ano Pasacalle llega a Valpara\u00edso: una experiencia art\u00edstica nocturna junto al mar\",\"datePublished\":\"2026-01-16T16:32:27+00:00\",\"dateModified\":\"2026-01-16T16:34:06+00:00\",\"mainEntityOfPage\":{\"@id\":\"https:\\\/\\\/turisvina.cl\\\/oceano-pasacalle-llega-a-valparaiso-una-experiencia-artistica-nocturna-junto-al-mar\\\/\"},\"wordCount\":516,\"commentCount\":0,\"publisher\":{\"@id\":\"https:\\\/\\\/turisvina.cl\\\/#organization\"},\"image\":{\"@id\":\"https:\\\/\\\/turisvina.cl\\\/oceano-pasacalle-llega-a-valparaiso-una-experiencia-artistica-nocturna-junto-al-mar\\\/#primaryimage\"},\"thumbnailUrl\":\"https:\\\/\\\/turisvina.cl\\\/wp-content\\\/uploads\\\/2026\\\/01\\\/ballena-en-la-calle.jpg\",\"keywords\":[\"Oc\u00e9ano Pasacalle\",\"panoramas culturales\",\"Teatro a Mil\",\"Valpara\u00edso\",\"verano 2026\"],\"articleSection\":[\"Cultura y panoramas\",\"Turismo\"],\"inLanguage\":\"en-US\",\"potentialAction\":[{\"@type\":\"CommentAction\",\"name\":\"Comment\",\"target\":[\"https:\\\/\\\/turisvina.cl\\\/oceano-pasacalle-llega-a-valparaiso-una-experiencia-artistica-nocturna-junto-al-mar\\\/#respond\"]}]},{\"@type\":\"WebPage\",\"@id\":\"https:\\\/\\\/turisvina.cl\\\/oceano-pasacalle-llega-a-valparaiso-una-experiencia-artistica-nocturna-junto-al-mar\\\/\",\"url\":\"https:\\\/\\\/turisvina.cl\\\/oceano-pasacalle-llega-a-valparaiso-una-experiencia-artistica-nocturna-junto-al-mar\\\/\",\"name\":\"Oc\u00e9ano Pasacalle en Valpara\u00edso | Teatro a Mil 2026 \u2013 TurisVi\u00f1a\",\"isPartOf\":{\"@id\":\"https:\\\/\\\/turisvina.cl\\\/#website\"},\"primaryImageOfPage\":{\"@id\":\"https:\\\/\\\/turisvina.cl\\\/oceano-pasacalle-llega-a-valparaiso-una-experiencia-artistica-nocturna-junto-al-mar\\\/#primaryimage\"},\"image\":{\"@id\":\"https:\\\/\\\/turisvina.cl\\\/oceano-pasacalle-llega-a-valparaiso-una-experiencia-artistica-nocturna-junto-al-mar\\\/#primaryimage\"},\"thumbnailUrl\":\"https:\\\/\\\/turisvina.cl\\\/wp-content\\\/uploads\\\/2026\\\/01\\\/ballena-en-la-calle.jpg\",\"datePublished\":\"2026-01-16T16:32:27+00:00\",\"dateModified\":\"2026-01-16T16:34:06+00:00\",\"description\":\"El martes 20 de enero a las 21:30 hrs, Valpara\u00edso recibe Oc\u00e9ano Pasacalle, una propuesta art\u00edstica del Festival Internacional Teatro a Mil 2026. Te contamos de qu\u00e9 se trata y por qu\u00e9 no perd\u00e9rtela.\",\"breadcrumb\":{\"@id\":\"https:\\\/\\\/turisvina.cl\\\/oceano-pasacalle-llega-a-valparaiso-una-experiencia-artistica-nocturna-junto-al-mar\\\/#breadcrumb\"},\"inLanguage\":\"en-US\",\"potentialAction\":[{\"@type\":\"ReadAction\",\"target\":[\"https:\\\/\\\/turisvina.cl\\\/oceano-pasacalle-llega-a-valparaiso-una-experiencia-artistica-nocturna-junto-al-mar\\\/\"]}]},{\"@type\":\"ImageObject\",\"inLanguage\":\"en-US\",\"@id\":\"https:\\\/\\\/turisvina.cl\\\/oceano-pasacalle-llega-a-valparaiso-una-experiencia-artistica-nocturna-junto-al-mar\\\/#primaryimage\",\"url\":\"https:\\\/\\\/turisvina.cl\\\/wp-content\\\/uploads\\\/2026\\\/01\\\/ballena-en-la-calle.jpg\",\"contentUrl\":\"https:\\\/\\\/turisvina.cl\\\/wp-content\\\/uploads\\\/2026\\\/01\\\/ballena-en-la-calle.jpg\",\"width\":1200,\"height\":630,\"caption\":\"ballena en la calle\"},{\"@type\":\"BreadcrumbList\",\"@id\":\"https:\\\/\\\/turisvina.cl\\\/oceano-pasacalle-llega-a-valparaiso-una-experiencia-artistica-nocturna-junto-al-mar\\\/#breadcrumb\",\"itemListElement\":[{\"@type\":\"ListItem\",\"position\":1,\"name\":\"Portada\",\"item\":\"https:\\\/\\\/turisvina.cl\\\/\"},{\"@type\":\"ListItem\",\"position\":2,\"name\":\"Oc\u00e9ano Pasacalle llega a Valpara\u00edso: una experiencia art\u00edstica nocturna junto al mar\"}]},{\"@type\":\"WebSite\",\"@id\":\"https:\\\/\\\/turisvina.cl\\\/#website\",\"url\":\"https:\\\/\\\/turisvina.cl\\\/\",\"name\":\"Turisvi\u00f1a\",\"description\":\"\",\"publisher\":{\"@id\":\"https:\\\/\\\/turisvina.cl\\\/#organization\"},\"potentialAction\":[{\"@type\":\"SearchAction\",\"target\":{\"@type\":\"EntryPoint\",\"urlTemplate\":\"https:\\\/\\\/turisvina.cl\\\/?s={search_term_string}\"},\"query-input\":{\"@type\":\"PropertyValueSpecification\",\"valueRequired\":true,\"valueName\":\"search_term_string\"}}],\"inLanguage\":\"en-US\"},{\"@type\":\"Organization\",\"@id\":\"https:\\\/\\\/turisvina.cl\\\/#organization\",\"name\":\"Turisvi\u00f1a\",\"url\":\"https:\\\/\\\/turisvina.cl\\\/\",\"logo\":{\"@type\":\"ImageObject\",\"inLanguage\":\"en-US\",\"@id\":\"https:\\\/\\\/turisvina.cl\\\/#\\\/schema\\\/logo\\\/image\\\/\",\"url\":\"https:\\\/\\\/turisvina.cl\\\/wp-content\\\/uploads\\\/2024\\\/03\\\/turisvinalogo.png\",\"contentUrl\":\"https:\\\/\\\/turisvina.cl\\\/wp-content\\\/uploads\\\/2024\\\/03\\\/turisvinalogo.png\",\"width\":766,\"height\":315,\"caption\":\"Turisvi\u00f1a\"},\"image\":{\"@id\":\"https:\\\/\\\/turisvina.cl\\\/#\\\/schema\\\/logo\\\/image\\\/\"}},{\"@type\":\"Person\",\"@id\":\"https:\\\/\\\/turisvina.cl\\\/#\\\/schema\\\/person\\\/a5aff6fc256e18aad90d118b574a92d9\",\"name\":\"Lourdes\",\"image\":{\"@type\":\"ImageObject\",\"inLanguage\":\"en-US\",\"@id\":\"https:\\\/\\\/secure.gravatar.com\\\/avatar\\\/873e3d71295e75120d598ff6928ebb5c0cecb5284c14585d3bb34e2a16ec3a79?s=96&d=mm&r=g\",\"url\":\"https:\\\/\\\/secure.gravatar.com\\\/avatar\\\/873e3d71295e75120d598ff6928ebb5c0cecb5284c14585d3bb34e2a16ec3a79?s=96&d=mm&r=g\",\"contentUrl\":\"https:\\\/\\\/secure.gravatar.com\\\/avatar\\\/873e3d71295e75120d598ff6928ebb5c0cecb5284c14585d3bb34e2a16ec3a79?s=96&d=mm&r=g\",\"caption\":\"Lourdes\"},\"url\":\"https:\\\/\\\/turisvina.cl\\\/en\\\/author\\\/turisvina\\\/\"}]}<\/script>\n<!-- \/ Yoast SEO Premium plugin. -->","yoast_head_json":{"title":"Oc\u00e9ano Pasacalle en Valpara\u00edso | Teatro a Mil 2026 \u2013 TurisVi\u00f1a","description":"El martes 20 de enero a las 21:30 hrs, Valpara\u00edso recibe Oc\u00e9ano Pasacalle, una propuesta art\u00edstica del Festival Internacional Teatro a Mil 2026. Te contamos de qu\u00e9 se trata y por qu\u00e9 no perd\u00e9rtela.","robots":{"index":"index","follow":"follow","max-snippet":"max-snippet:-1","max-image-preview":"max-image-preview:large","max-video-preview":"max-video-preview:-1"},"canonical":"https:\/\/turisvina.cl\/en\/oceano-pasacalle-llega-a-valparaiso-una-experiencia-artistica-nocturna-junto-al-mar\/","og_locale":"en_US","og_type":"article","og_title":"Oc\u00e9ano Pasacalle en Valpara\u00edso | Teatro a Mil 2026 \u2013 TurisVi\u00f1a","og_description":"El martes 20 de enero a las 21:30 hrs, Valpara\u00edso recibe Oc\u00e9ano Pasacalle, una propuesta art\u00edstica del Festival Internacional Teatro a Mil 2026. Te contamos de qu\u00e9 se trata y por qu\u00e9 no perd\u00e9rtela.","og_url":"https:\/\/turisvina.cl\/en\/oceano-pasacalle-llega-a-valparaiso-una-experiencia-artistica-nocturna-junto-al-mar\/","og_site_name":"Turisvi\u00f1a","article_published_time":"2026-01-16T16:32:27+00:00","article_modified_time":"2026-01-16T16:34:06+00:00","og_image":[{"width":1600,"height":898,"url":"https:\/\/turisvina.cl\/wp-content\/uploads\/2026\/01\/OCEANO-3-ballena-calle.webp","type":"image\/webp"}],"author":"Lourdes","twitter_card":"summary_large_image","twitter_title":"Oc\u00e9ano Pasacalle llega a Valpara\u00edso: una experiencia art\u00edstica nocturna junto al mar","twitter_misc":{"Written by":"Lourdes","Est. reading time":"4 minutes"},"schema":{"@context":"https:\/\/schema.org","@graph":[{"@type":"Article","@id":"https:\/\/turisvina.cl\/oceano-pasacalle-llega-a-valparaiso-una-experiencia-artistica-nocturna-junto-al-mar\/#article","isPartOf":{"@id":"https:\/\/turisvina.cl\/oceano-pasacalle-llega-a-valparaiso-una-experiencia-artistica-nocturna-junto-al-mar\/"},"author":{"name":"Lourdes","@id":"https:\/\/turisvina.cl\/#\/schema\/person\/a5aff6fc256e18aad90d118b574a92d9"},"headline":"Oc\u00e9ano Pasacalle llega a Valpara\u00edso: una experiencia art\u00edstica nocturna junto al mar","datePublished":"2026-01-16T16:32:27+00:00","dateModified":"2026-01-16T16:34:06+00:00","mainEntityOfPage":{"@id":"https:\/\/turisvina.cl\/oceano-pasacalle-llega-a-valparaiso-una-experiencia-artistica-nocturna-junto-al-mar\/"},"wordCount":516,"commentCount":0,"publisher":{"@id":"https:\/\/turisvina.cl\/#organization"},"image":{"@id":"https:\/\/turisvina.cl\/oceano-pasacalle-llega-a-valparaiso-una-experiencia-artistica-nocturna-junto-al-mar\/#primaryimage"},"thumbnailUrl":"https:\/\/turisvina.cl\/wp-content\/uploads\/2026\/01\/ballena-en-la-calle.jpg","keywords":["Oc\u00e9ano Pasacalle","panoramas culturales","Teatro a Mil","Valpara\u00edso","verano 2026"],"articleSection":["Cultura y panoramas","Turismo"],"inLanguage":"en-US","potentialAction":[{"@type":"CommentAction","name":"Comment","target":["https:\/\/turisvina.cl\/oceano-pasacalle-llega-a-valparaiso-una-experiencia-artistica-nocturna-junto-al-mar\/#respond"]}]},{"@type":"WebPage","@id":"https:\/\/turisvina.cl\/oceano-pasacalle-llega-a-valparaiso-una-experiencia-artistica-nocturna-junto-al-mar\/","url":"https:\/\/turisvina.cl\/oceano-pasacalle-llega-a-valparaiso-una-experiencia-artistica-nocturna-junto-al-mar\/","name":"Oc\u00e9ano Pasacalle en Valpara\u00edso | Teatro a Mil 2026 \u2013 TurisVi\u00f1a","isPartOf":{"@id":"https:\/\/turisvina.cl\/#website"},"primaryImageOfPage":{"@id":"https:\/\/turisvina.cl\/oceano-pasacalle-llega-a-valparaiso-una-experiencia-artistica-nocturna-junto-al-mar\/#primaryimage"},"image":{"@id":"https:\/\/turisvina.cl\/oceano-pasacalle-llega-a-valparaiso-una-experiencia-artistica-nocturna-junto-al-mar\/#primaryimage"},"thumbnailUrl":"https:\/\/turisvina.cl\/wp-content\/uploads\/2026\/01\/ballena-en-la-calle.jpg","datePublished":"2026-01-16T16:32:27+00:00","dateModified":"2026-01-16T16:34:06+00:00","description":"El martes 20 de enero a las 21:30 hrs, Valpara\u00edso recibe Oc\u00e9ano Pasacalle, una propuesta art\u00edstica del Festival Internacional Teatro a Mil 2026. Te contamos de qu\u00e9 se trata y por qu\u00e9 no perd\u00e9rtela.","breadcrumb":{"@id":"https:\/\/turisvina.cl\/oceano-pasacalle-llega-a-valparaiso-una-experiencia-artistica-nocturna-junto-al-mar\/#breadcrumb"},"inLanguage":"en-US","potentialAction":[{"@type":"ReadAction","target":["https:\/\/turisvina.cl\/oceano-pasacalle-llega-a-valparaiso-una-experiencia-artistica-nocturna-junto-al-mar\/"]}]},{"@type":"ImageObject","inLanguage":"en-US","@id":"https:\/\/turisvina.cl\/oceano-pasacalle-llega-a-valparaiso-una-experiencia-artistica-nocturna-junto-al-mar\/#primaryimage","url":"https:\/\/turisvina.cl\/wp-content\/uploads\/2026\/01\/ballena-en-la-calle.jpg","contentUrl":"https:\/\/turisvina.cl\/wp-content\/uploads\/2026\/01\/ballena-en-la-calle.jpg","width":1200,"height":630,"caption":"ballena en la calle"},{"@type":"BreadcrumbList","@id":"https:\/\/turisvina.cl\/oceano-pasacalle-llega-a-valparaiso-una-experiencia-artistica-nocturna-junto-al-mar\/#breadcrumb","itemListElement":[{"@type":"ListItem","position":1,"name":"Portada","item":"https:\/\/turisvina.cl\/"},{"@type":"ListItem","position":2,"name":"Oc\u00e9ano Pasacalle llega a Valpara\u00edso: una experiencia art\u00edstica nocturna junto al mar"}]},{"@type":"WebSite","@id":"https:\/\/turisvina.cl\/#website","url":"https:\/\/turisvina.cl\/","name":"Turisvi\u00f1a","description":"","publisher":{"@id":"https:\/\/turisvina.cl\/#organization"},"potentialAction":[{"@type":"SearchAction","target":{"@type":"EntryPoint","urlTemplate":"https:\/\/turisvina.cl\/?s={search_term_string}"},"query-input":{"@type":"PropertyValueSpecification","valueRequired":true,"valueName":"search_term_string"}}],"inLanguage":"en-US"},{"@type":"Organization","@id":"https:\/\/turisvina.cl\/#organization","name":"Turisvi\u00f1a","url":"https:\/\/turisvina.cl\/","logo":{"@type":"ImageObject","inLanguage":"en-US","@id":"https:\/\/turisvina.cl\/#\/schema\/logo\/image\/","url":"https:\/\/turisvina.cl\/wp-content\/uploads\/2024\/03\/turisvinalogo.png","contentUrl":"https:\/\/turisvina.cl\/wp-content\/uploads\/2024\/03\/turisvinalogo.png","width":766,"height":315,"caption":"Turisvi\u00f1a"},"image":{"@id":"https:\/\/turisvina.cl\/#\/schema\/logo\/image\/"}},{"@type":"Person","@id":"https:\/\/turisvina.cl\/#\/schema\/person\/a5aff6fc256e18aad90d118b574a92d9","name":"Lourdes","image":{"@type":"ImageObject","inLanguage":"en-US","@id":"https:\/\/secure.gravatar.com\/avatar\/873e3d71295e75120d598ff6928ebb5c0cecb5284c14585d3bb34e2a16ec3a79?s=96&d=mm&r=g","url":"https:\/\/secure.gravatar.com\/avatar\/873e3d71295e75120d598ff6928ebb5c0cecb5284c14585d3bb34e2a16ec3a79?s=96&d=mm&r=g","contentUrl":"https:\/\/secure.gravatar.com\/avatar\/873e3d71295e75120d598ff6928ebb5c0cecb5284c14585d3bb34e2a16ec3a79?s=96&d=mm&r=g","caption":"Lourdes"},"url":"https:\/\/turisvina.cl\/en\/author\/turisvina\/"}]}},"_links":{"self":[{"href":"https:\/\/turisvina.cl\/en\/wp-json\/wp\/v2\/posts\/4297","targetHints":{"allow":["GET"]}}],"collection":[{"href":"https:\/\/turisvina.cl\/en\/wp-json\/wp\/v2\/posts"}],"about":[{"href":"https:\/\/turisvina.cl\/en\/wp-json\/wp\/v2\/types\/post"}],"author":[{"embeddable":true,"href":"https:\/\/turisvina.cl\/en\/wp-json\/wp\/v2\/users\/3"}],"replies":[{"embeddable":true,"href":"https:\/\/turisvina.cl\/en\/wp-json\/wp\/v2\/comments?post=4297"}],"version-history":[{"count":3,"href":"https:\/\/turisvina.cl\/en\/wp-json\/wp\/v2\/posts\/4297\/revisions"}],"predecessor-version":[{"id":4309,"href":"https:\/\/turisvina.cl\/en\/wp-json\/wp\/v2\/posts\/4297\/revisions\/4309"}],"wp:featuredmedia":[{"embeddable":true,"href":"https:\/\/turisvina.cl\/en\/wp-json\/wp\/v2\/media\/4298"}],"wp:attachment":[{"href":"https:\/\/turisvina.cl\/en\/wp-json\/wp\/v2\/media?parent=4297"}],"wp:term":[{"taxonomy":"category","embeddable":true,"href":"https:\/\/turisvina.cl\/en\/wp-json\/wp\/v2\/categories?post=4297"},{"taxonomy":"post_tag","embeddable":true,"href":"https:\/\/turisvina.cl\/en\/wp-json\/wp\/v2\/tags?post=4297"}],"curies":[{"name":"wp","href":"https:\/\/api.w.org\/{rel}","templated":true}]}}